{"id":13264,"date":"2025-05-01T12:32:37","date_gmt":"2025-05-01T12:32:37","guid":{"rendered":"https:\/\/thelittle.garden\/harlekinweide-schneiden-so-gelingt-die-pflege\/"},"modified":"2025-05-01T12:32:37","modified_gmt":"2025-05-01T12:32:37","slug":"harlekinweide-schneiden-so-gelingt-die-pflege","status":"publish","type":"post","link":"https:\/\/thelittle.garden\/de\/harlekinweide-schneiden-so-gelingt-die-pflege\/","title":{"rendered":"Harlekinweide schneiden: So gelingt die Pflege"},"content":{"rendered":"<p><strong>Wichtigste Punkte:<\/strong><\/p>\n<ul>\n<li>Der beste Zeitpunkt zum Schneiden der Harlekinweide ist im sp\u00e4ten Winter oder fr\u00fchen Fr\u00fchling.<\/li>\n<li>Ein j\u00e4hrlicher starker R\u00fcckschnitt erh\u00e4lt eine kompakte Form.<\/li>\n<li>Ein R\u00fcckschnitt im Hochsommer kann das panaschierte Nachwachsen f\u00f6rdern.<\/li>\n<li>Nat\u00fcrliches Wachstum ohne Schnitt ist eine pflegeleichte Option.<\/li>\n<li>Die richtige Pflege und Platzierung kann den Bedarf an h\u00e4ufigem Schneiden reduzieren.<\/li>\n<\/ul>\n<p>Die Harlekinweide, mit ihrer \u00e4therischen Sch\u00f6nheit und dem sich st\u00e4ndig ver\u00e4ndernden Laub, ist ein wahres Gartencham\u00e4leon. Doch wenn es um den Schnitt dieses bezaubernden Strauches geht, f\u00fchlen sich viele G\u00e4rtner in einem Labyrinth widerspr\u00fcchlicher Ratschl\u00e4ge verloren. Keine Angst, liebe Pflanzenfreunde! Begeben wir uns auf eine Reise durch die Jahreszeiten, um die Geheimnisse des Harlekinweiden-Schnitts zu l\u00fcften und das volle Potenzial Ihres gefleckten Lieblings zu entfalten.<\/p>\n<h2>Den Charme der Harlekinweide verstehen<\/h2>\n<p>Die Harlekinweide, auch bekannt als Salix integra &#8218;Hakuro Nishiki&#8216;, ist das ganze Jahr \u00fcber ein visueller Genuss. Im Fr\u00fchling sprie\u00dfen ihre schmalen Bl\u00e4tter in einer faszinierenden Vielfalt von Wei\u00df- und Rosat\u00f6nen. Im Laufe des Sommers verblasst das Rosa und hinterl\u00e4sst einen markanten Kontrast von Wei\u00df und Gr\u00fcn. Selbst der Winter hat seinen Reiz, denn die j\u00fcngeren Zweige nehmen einen warmen, r\u00f6tlichen Farbton an.<\/p>\n<p><img loading=\"lazy\" decoding=\"async\" src=\"https:\/\/thelittle.garden\/wp-content\/uploads\/2024\/07\/dappled-willow-with-vibrant-foliage-66a1b9.webp\" alt=\"Harlekinweide mit buntem Laub\" width=\"800\" height=\"450\" \/><em class=\"cap-ai\">Harlekinweide mit buntem Laub<\/em><\/p>\n<h2>Schneiden oder nicht schneiden: Das ist hier die Frage<\/h2>\n<p>Bevor wir uns mit dem Wann und Wie des Schneidens befassen, sollten wir uns eine grundlegendere Frage stellen: M\u00fcssen Sie Ihre Harlekinweide \u00fcberhaupt schneiden? Als G\u00e4rtnerin, die daran glaubt, mit der Natur zu arbeiten und nicht gegen sie, habe ich festgestellt, dass manchmal die beste Schnittstrategie gar kein Schnitt ist.<\/p>\n<h3>Pl\u00e4doyer f\u00fcr nat\u00fcrliches Wachstum<\/h3>\n<p>Meine eigene Harlekinweide gedeiht seit 18 Jahren ohne einen einzigen Schnitt. Sie hat eine beachtliche H\u00f6he von 2,5 Metern und einen Durchmesser von 1,5 Metern erreicht und bildet eine anmutige, nat\u00fcrliche Form, die keinerlei Pflege ben\u00f6tigt. Indem ich sie strategisch an einem Ort gepflanzt habe, an dem ihr Wachstum keine anderen Elemente beeintr\u00e4chtigt, habe ich einen problemlosen Blickfang in meinem Garten geschaffen.<\/p>\n<h3>Wann ein Schnitt sinnvoll ist<\/h3>\n<p>Nat\u00fcrlich ist mein Laissez-faire-Ansatz nicht f\u00fcr jeden geeignet. Viele G\u00e4rtner bevorzugen ein gepflegteres Aussehen oder m\u00fcssen die Gr\u00f6\u00dfe ihrer Str\u00e4ucher kontrollieren. Wenn das auf Sie zutrifft, lesen Sie weiter, um die besten Zeitpunkte f\u00fcr den Einsatz der Gartenschere zu erfahren.<\/p>\n<h2>Der ideale Schnittzeitplan<\/h2>\n<h3>Sp\u00e4twinter\/Fr\u00fchjahr: Der klassische Schnitt<\/h3>\n<p>F\u00fcr diejenigen, die ihre Harlekinweide ordentlich und kompakt m\u00f6gen, ist der sp\u00e4te Winter oder das fr\u00fche Fr\u00fchjahr die beste Zeit zum Schneiden. Dies f\u00e4llt mit der dezenten K\u00e4tzchenbl\u00fcte des Strauches zusammen und schafft die Voraussetzungen f\u00fcr kr\u00e4ftiges neues Wachstum.<\/p>\n<p><strong>Profi-Tipp:<\/strong> F\u00fcr eine drastische Umgestaltung schneiden Sie den Strauch bis auf etwa 15 bis 30 cm \u00fcber dem Boden zur\u00fcck. Dieser j\u00e4hrliche &#8222;Radikalschnitt&#8220; f\u00fchrt zu einer kompakten, runden Form von etwa 1,5 Metern H\u00f6he und Durchmesser.<\/p>\n<h3>Hochsommer: Der erfrischende R\u00fcckschnitt<\/h3>\n<p>Manche G\u00e4rtner entscheiden sich f\u00fcr einen R\u00fcckschnitt im Hochsommer im Juli oder Anfang August, wenn das Laub einen Gro\u00dfteil seiner Panaschierung verloren hat. Ein schneller R\u00fcckschnitt aller Zweige um etwa 15 cm kann ein dichtes, farbenfrohes Nachwachsen anregen, das an die Fr\u00fchlingspracht erinnert.<\/p>\n<p><strong>Vorsicht:<\/strong> Diese Technik kann zwar die leuchtenden Farben des Strauches wiederbeleben, aber seien Sie sich bewusst, dass die erneuerten Rosat\u00f6ne in der Sommerhitze schnell verblassen k\u00f6nnen. Au\u00dferdem kann h\u00e4ufiges Schneiden ein k\u00fcnstliches &#8222;Pudelschnitt&#8220;-Aussehen erzeugen, das m\u00f6glicherweise nicht zu jeder Garten\u00e4sthetik passt.<\/p>\n<h2>Allgemeine Pflegetipps f\u00fcr eine bl\u00fchende Harlekinweide<\/h2>\n<p>Die richtige Pflege kann den Bedarf an h\u00e4ufigem Schneiden reduzieren und Ihre Harlekinweide optimal aussehen lassen:<\/p>\n<ol>\n<li><strong>Standort, Standort, Standort:<\/strong> Pflanzen Sie die Weide in voller Sonne oder im Halbschatten f\u00fcr optimales Wachstum und F\u00e4rbung.<\/li>\n<li><strong>Der Boden ist wichtig:<\/strong> Sorgen Sie f\u00fcr einen gut durchl\u00e4ssigen, leicht feuchten Boden f\u00fcr gesunde Wurzeln.<\/li>\n<li><strong>Gie\u00dfen Sie mit Bedacht:<\/strong> Schenken Sie der Weide im ersten Jahr besondere Aufmerksamkeit, danach \u00fcbernimmt die Natur das Gie\u00dfen (es sei denn, es herrscht D\u00fcrre).<\/li>\n<li><strong>Mulch-Magie:<\/strong> Eine gute Mulchschicht h\u00e4lt den Wurzelbereich k\u00fchl und feucht.<\/li>\n<li><strong>D\u00fcngen Sie mit Vorsicht:<\/strong> Verwenden Sie alle 3-4 Jahre einen organischen Langzeitd\u00fcnger mit weniger als 8 % Stickstoff, um die Farbe zu erhalten, ohne \u00fcberm\u00e4\u00dfiges Wachstum zu f\u00f6rdern.<\/li>\n<\/ol>\n<h2>Winterh\u00e4rte der Harlekinweide: Robuster als Sie denken<\/h2>\n<p>Obwohl sie oft als winterhart bis Zone 5 angegeben wird, kann die Harlekinweide tats\u00e4chlich in Zonen bis zu 3b gedeihen. Dieser widerstandsf\u00e4hige Strauch, der in kalten Regionen Ostasiens beheimatet ist, vertr\u00e4gt mehr K\u00e4lte, als viele ihm zutrauen.<\/p>\n<h2>Harlekinweide als Hochstamm: Gleiche Pflege, neue Form<\/h2>\n<p>F\u00fcr diejenigen, die den Lollipop-Look lieben, bietet die Harlekinweide als Hochstamm einen einzigartigen vertikalen Akzent. Die Pflegeanspr\u00fcche bleiben die gleichen, aber die erh\u00f6hte Krone verleiht Ihren Schnittentscheidungen eine neue Dimension.<\/p>\n<h2>Fazit: Die nat\u00fcrliche Sch\u00f6nheit Ihrer Harlekinweide genie\u00dfen<\/h2>\n<p>Ob Sie Ihre Harlekinweide zu einer perfekten Kugel schneiden oder sie zu einem frei geformten Meisterwerk wachsen lassen &#8211; denken Sie daran, dass es keinen allgemeing\u00fcltigen Ansatz gibt. Der Schl\u00fcssel liegt darin, die Bed\u00fcrfnisse Ihres Gartens und Ihre pers\u00f6nlichen \u00e4sthetischen Vorlieben zu verstehen.<\/p>\n<p>Als entspannte G\u00e4rtnerin m\u00f6chte ich Sie ermutigen, das nat\u00fcrliche Wachstumsmuster dieses pr\u00e4chtigen Strauches zu ber\u00fccksichtigen, bevor Sie zur Gartenschere greifen. Manchmal sind die sch\u00f6nsten G\u00e4rten diejenigen, die einen Hauch von Wildheit zulassen.<\/p>\n<p>Also, liebe Leser, wie gehen Sie mit dem Schneiden in Ihrem Garten um? Geh\u00f6ren Sie zu Team Natur oder Team Manik\u00fcre? Teilen Sie Ihre Erfahrungen und Tipps in den Kommentaren unten &#8211; lassen Sie uns gemeinsam unser Gartenwissen erweitern!<\/p>\n","protected":false},"excerpt":{"rendered":"<p>Wichtigste Punkte: Der beste Zeitpunkt zum Schneiden der Harlekinweide ist im sp\u00e4ten Winter oder fr\u00fchen<\/p>\n","protected":false},"author":3,"featured_media":12165,"comment_status":"closed","ping_status":"closed","sticky":false,"template":"","format":"standard","meta":{"footnotes":""},"categories":[124],"tags":[],"class_list":["post-13264","post","type-post","status-publish","format-standard","has-post-thumbnail","hentry","category-gartenarbeit","generate-columns","tablet-grid-50","mobile-grid-100","grid-parent","grid-25","no-featured-image-padding"],"lang":"de","translations":{"de":13264,"en":8918,"fr":12952,"es":13219},"_links":{"self":[{"href":"https:\/\/thelittle.garden\/de\/wp-json\/wp\/v2\/posts\/13264","targetHints":{"allow":["GET"]}}],"collection":[{"href":"https:\/\/thelittle.garden\/de\/wp-json\/wp\/v2\/posts"}],"about":[{"href":"https:\/\/thelittle.garden\/de\/wp-json\/wp\/v2\/types\/post"}],"author":[{"embeddable":true,"href":"https:\/\/thelittle.garden\/de\/wp-json\/wp\/v2\/users\/3"}],"replies":[{"embeddable":true,"href":"https:\/\/thelittle.garden\/de\/wp-json\/wp\/v2\/comments?post=13264"}],"version-history":[{"count":0,"href":"https:\/\/thelittle.garden\/de\/wp-json\/wp\/v2\/posts\/13264\/revisions"}],"wp:featuredmedia":[{"embeddable":true,"href":"https:\/\/thelittle.garden\/de\/wp-json\/wp\/v2\/media\/12165"}],"wp:attachment":[{"href":"https:\/\/thelittle.garden\/de\/wp-json\/wp\/v2\/media?parent=13264"}],"wp:term":[{"taxonomy":"category","embeddable":true,"href":"https:\/\/thelittle.garden\/de\/wp-json\/wp\/v2\/categories?post=13264"},{"taxonomy":"post_tag","embeddable":true,"href":"https:\/\/thelittle.garden\/de\/wp-json\/wp\/v2\/tags?post=13264"}],"curies":[{"name":"wp","href":"https:\/\/api.w.org\/{rel}","templated":true}]}}