{"id":13009,"date":"2025-05-01T09:30:59","date_gmt":"2025-05-01T09:30:59","guid":{"rendered":"https:\/\/thelittle.garden\/como-identificar-el-sauco-negro-guia-completa\/"},"modified":"2025-05-01T09:30:59","modified_gmt":"2025-05-01T09:30:59","slug":"como-identificar-el-sauco-negro-guia-completa","status":"publish","type":"post","link":"https:\/\/thelittle.garden\/es\/como-identificar-el-sauco-negro-guia-completa\/","title":{"rendered":"\u00bfC\u00f3mo Identificar el Sa\u00faco Negro? Gu\u00eda Completa"},"content":{"rendered":"<ul>\n<li>Puntos clave:\n<ul>\n<li>Las bayas de sa\u00faco crecen en grandes racimos de frutos peque\u00f1os de color negro-morado oscuro.<\/li>\n<li>La planta puede ser un arbusto peque\u00f1o o grande, con flores blancas que florecen antes de que aparezcan las bayas.<\/li>\n<li>El sa\u00faco se encuentra com\u00fanmente en \u00e1reas h\u00famedas y es una valiosa fuente de alimento para la vida silvestre.<\/li>\n<li>Tambi\u00e9n es popular para hacer mermeladas, vinos y otras delicias culinarias.<\/li>\n<\/ul>\n<\/li>\n<\/ul>\n<p>El sa\u00faco. El nombre evoca im\u00e1genes de tonos p\u00farpura intenso y la promesa de deliciosas mermeladas y vinos caseros. Pero, \u00bfc\u00f3mo es realmente el sa\u00faco? \u00bfC\u00f3mo puedes identificarlo en la naturaleza y qu\u00e9 lo distingue de otras plantas? Esta gu\u00eda proporcionar\u00e1 una descripci\u00f3n detallada del sa\u00faco negro americano, respondiendo a la pregunta &#8220;\u00bfc\u00f3mo es el sa\u00faco?&#8221; y ofreciendo informaci\u00f3n valiosa sobre esta fascinante planta.<\/p>\n<h2>Identificando el Sa\u00faco Negro Americano<\/h2>\n<p>El sa\u00faco negro americano (<em>Sambucus nigra<\/em> L. ssp. <em>Canadensis<\/em> (L.) R. Bolli), miembro de la familia Moschatel (Adoxaceae), es una planta vers\u00e1til que se encuentra en diversos h\u00e1bitats. Por lo general, es un arbusto de tallos m\u00faltiples, que var\u00eda desde un modesto tama\u00f1o de 2 metros hasta unos m\u00e1s impresionantes 4 metros de altura. Reconocer esta planta implica observar varias caracter\u00edsticas clave.<\/p>\n<h3>Hojas<\/h3>\n<p>Las hojas son una caracter\u00edstica distintiva. Est\u00e1n dispuestas de forma opuesta en el tallo y son pinnadamente compuestas, lo que significa que se dividen en fol\u00edolos m\u00e1s peque\u00f1os dispuestos a lo largo de un tallo central. Cada hoja puede ser bastante grande, alcanzando longitudes de hasta 30 cent\u00edmetros, con 5 a 11 fol\u00edolos individuales. Estos fol\u00edolos son aserrados a lo largo de los bordes y muestran un verde vibrante en la superficie superior, contrastando con un env\u00e9s m\u00e1s p\u00e1lido.<\/p>\n<p><img loading=\"lazy\" decoding=\"async\" src=\"https:\/\/thelittle.garden\/wp-content\/uploads\/2025\/05\/american-black-elderberry-plant.webp\" alt=\"Planta de sa\u00faco negro americano.\" width=\"800\" height=\"955\" \/><em class=\"cap-ai\">Planta de sa\u00faco negro americano.<\/em><\/p>\n<h3>Flores y Frutos<\/h3>\n<p>De junio a julio, dependiendo de la regi\u00f3n, el sa\u00faco florece con grandes racimos aplanados de diminutas flores blancas. Estos racimos, conocidos como inflorescencias, pueden abarcar hasta 23 cent\u00edmetros de ancho y cuentan con cientos de flores individuales, cada una de solo unos 2.5 mil\u00edmetros de ancho. Las flores son un im\u00e1n para los polinizadores, atrayendo una gran cantidad de abejas, avispas y escarabajos. A medida que avanza el verano, estas delicadas flores se transforman en las codiciadas bayas de sa\u00faco. Estas peque\u00f1as bayas de color negro-morado oscuro, de aproximadamente 6 mil\u00edmetros de di\u00e1metro, se agrupan en las mismas impresionantes formaciones que las flores que las preceden.<\/p>\n<p><img loading=\"lazy\" decoding=\"async\" src=\"https:\/\/thelittle.garden\/wp-content\/uploads\/2025\/05\/american-black-elderberry-fruit.webp\" alt=\"Frutos de sa\u00faco negro americano.\" width=\"800\" height=\"899\" \/><em class=\"cap-ai\">Frutos de sa\u00faco negro americano.<\/em><\/p>\n<h3>Tallos<\/h3>\n<p>Los tallos del sa\u00faco tambi\u00e9n ofrecen pistas para su identificaci\u00f3n. Los tallos m\u00e1s j\u00f3venes se caracterizan por una m\u00e9dula blanca prominente, un tejido esponjoso que se encuentra dentro del tallo. A medida que los tallos maduran, se vuelven huecos.<\/p>\n<h2>H\u00e1bitat y Distribuci\u00f3n<\/h2>\n<p>El sa\u00faco negro americano prospera en ambientes h\u00famedos, a menudo se encuentra a lo largo de las orillas de lagos y estanques, en \u00e1reas bajas junto a las carreteras y dentro de bosques y campos antiguos. Prefiere pleno sol a sombra ligera. Su \u00e1rea de distribuci\u00f3n nativa se extiende por la mayor parte de los Estados Unidos, excluyendo los estados m\u00e1s occidentales como Nevada, Utah e Idaho, as\u00ed como Alaska y Haw\u00e1i. Tambi\u00e9n se extiende a partes de Canad\u00e1.<\/p>\n<p><img loading=\"lazy\" decoding=\"async\" src=\"https:\/\/thelittle.garden\/wp-content\/uploads\/2025\/05\/american-black-elderberry-range-map.webp\" alt=\"Mapa de distribuci\u00f3n del sa\u00faco negro americano.\" width=\"800\" height=\"665\" \/><em class=\"cap-ai\">Mapa de distribuci\u00f3n del sa\u00faco negro americano.<\/em><\/p>\n<h2>Sa\u00faco Negro Americano: <em>Sambucus nigra<\/em> L. ssp. <em>Canadensis<\/em> (L.) R. Bolli<\/h2>\n<ul>\n<li><strong>Nombre Com\u00fan:<\/strong> Sa\u00faco Negro Americano<\/li>\n<li><strong>Nombre Cient\u00edfico:<\/strong> <em>Sambucus nigra<\/em> L. ssp. <em>Canadensis<\/em> (L.) R. Bolli<\/li>\n<li><strong>Zona:<\/strong> Var\u00eda seg\u00fan la subespecie (generalmente 3-9)<\/li>\n<li><strong>Luz:<\/strong> Pleno sol a sombra parcial<\/li>\n<li><strong>Humedad:<\/strong> Tolera varios niveles de humedad, prefiere condiciones h\u00famedas<\/li>\n<li><strong>Agua:<\/strong> Riego regular, especialmente durante per\u00edodos secos<\/li>\n<\/ul>\n<h2>Conclusi\u00f3n<\/h2>\n<p>El sa\u00faco negro americano es una planta notable, que ofrece atractivo visual y usos pr\u00e1cticos. Sus caracter\u00edsticas distintivas, desde las hojas compuestas y los grandes racimos de flores hasta las bayas de color p\u00farpura oscuro, lo hacen f\u00e1cilmente identificable. Ya sea que est\u00e9s buscando sa\u00faco para crear delicias caseras o simplemente apreciando la belleza de la naturaleza, comprender c\u00f3mo es el sa\u00faco abre un mundo de descubrimiento y disfrute. \u00a1Te animamos a compartir tus propias experiencias y consejos sobre el sa\u00faco en los comentarios a continuaci\u00f3n! Y no olvides explorar m\u00e1s de nuestro contenido de jardiner\u00eda en Thelittle.garden.<\/p>\n","protected":false},"excerpt":{"rendered":"<p>Puntos clave: Las bayas de sa\u00faco crecen en grandes racimos de frutos peque\u00f1os de color<\/p>\n","protected":false},"author":3,"featured_media":12899,"comment_status":"closed","ping_status":"closed","sticky":false,"template":"","format":"standard","meta":{"footnotes":""},"categories":[170],"tags":[],"class_list":["post-13009","post","type-post","status-publish","format-standard","has-post-thumbnail","hentry","category-plantas-purificadoras-de-aire","generate-columns","tablet-grid-50","mobile-grid-100","grid-parent","grid-25","no-featured-image-padding"],"lang":"es","translations":{"es":13009,"en":12898,"fr":13073,"de":13328},"_links":{"self":[{"href":"https:\/\/thelittle.garden\/es\/wp-json\/wp\/v2\/posts\/13009","targetHints":{"allow":["GET"]}}],"collection":[{"href":"https:\/\/thelittle.garden\/es\/wp-json\/wp\/v2\/posts"}],"about":[{"href":"https:\/\/thelittle.garden\/es\/wp-json\/wp\/v2\/types\/post"}],"author":[{"embeddable":true,"href":"https:\/\/thelittle.garden\/es\/wp-json\/wp\/v2\/users\/3"}],"replies":[{"embeddable":true,"href":"https:\/\/thelittle.garden\/es\/wp-json\/wp\/v2\/comments?post=13009"}],"version-history":[{"count":0,"href":"https:\/\/thelittle.garden\/es\/wp-json\/wp\/v2\/posts\/13009\/revisions"}],"wp:featuredmedia":[{"embeddable":true,"href":"https:\/\/thelittle.garden\/es\/wp-json\/wp\/v2\/media\/12899"}],"wp:attachment":[{"href":"https:\/\/thelittle.garden\/es\/wp-json\/wp\/v2\/media?parent=13009"}],"wp:term":[{"taxonomy":"category","embeddable":true,"href":"https:\/\/thelittle.garden\/es\/wp-json\/wp\/v2\/categories?post=13009"},{"taxonomy":"post_tag","embeddable":true,"href":"https:\/\/thelittle.garden\/es\/wp-json\/wp\/v2\/tags?post=13009"}],"curies":[{"name":"wp","href":"https:\/\/api.w.org\/{rel}","templated":true}]}}