{"id":13035,"date":"2025-05-01T09:44:49","date_gmt":"2025-05-01T09:44:49","guid":{"rendered":"https:\/\/thelittle.garden\/cuando-podar-evonimos-cuidando-las-joyas-perennes-de-tu-jardin\/"},"modified":"2025-05-01T09:44:49","modified_gmt":"2025-05-01T09:44:49","slug":"cuando-podar-evonimos-cuidando-las-joyas-perennes-de-tu-jardin","status":"publish","type":"post","link":"https:\/\/thelittle.garden\/es\/cuando-podar-evonimos-cuidando-las-joyas-perennes-de-tu-jardin\/","title":{"rendered":"Cu\u00e1ndo Podar Ev\u00f3nimos: Cuidando las Joyas Perennes de tu Jard\u00edn"},"content":{"rendered":"<ul>\n<li>La mayor\u00eda de las especies de ev\u00f3nimo se podan mejor a finales del invierno o principios de la primavera.<\/li>\n<li>Las variedades que florecen en primavera deben podarse inmediatamente despu\u00e9s de la floraci\u00f3n.<\/li>\n<li>Los ev\u00f3nimos de hoja caduca generalmente requieren una poda m\u00ednima.<\/li>\n<li>Los ev\u00f3nimos de hoja perenne se pueden podar para mantenimiento, setos o renovaci\u00f3n.<\/li>\n<li>Evita podar demasiado tarde en la temporada para proteger los nuevos brotes de las heladas.<\/li>\n<\/ul>\n<p>Como jardinero apasionado, siempre me ha fascinado la versatilidad y belleza de los arbustos de ev\u00f3nimo. Estas plantas resistentes, con su follaje diverso y naturaleza adaptable, se han convertido en un elemento b\u00e1sico en muchos jardines, incluido el m\u00edo. Hoy, me emociona compartir mis conocimientos sobre cu\u00e1ndo y c\u00f3mo podar estos maravillosos arbustos para mantenerlos sanos y con su mejor aspecto.<\/p>\n<h2>Entendiendo el Ev\u00f3nimo: Un Compa\u00f1ero de Jard\u00edn Todo el A\u00f1o<\/h2>\n<p>Los arbustos de ev\u00f3nimo son como las navajas suizas del mundo de la jardiner\u00eda: son vers\u00e1tiles, confiables y siempre listos para impresionar. Ya sea que se trate de variedades de hoja caduca que ofrecen un espect\u00e1culo oto\u00f1al espectacular o tipos de hoja perenne que proporcionan una estructura constante, saber cu\u00e1ndo podar es clave para mantener su encanto.<\/p>\n<p><img loading=\"lazy\" decoding=\"async\" src=\"https:\/\/thelittle.garden\/wp-content\/uploads\/2024\/07\/euonymus-shrub-in-a-garden-setting-66a1c0.webp\" alt=\"Arbusto de ev\u00f3nimo en un jard\u00edn\" width=\"800\" height=\"450\" \/><em class=\"cap-ai\">Arbusto de ev\u00f3nimo en un jard\u00edn<\/em><\/p>\n<h2>El Arte del Momento Oportuno: Cu\u00e1ndo Podar el Ev\u00f3nimo<\/h2>\n<h3>La Regla General<\/h3>\n<p>En mis a\u00f1os de jardiner\u00eda, he descubierto que la mayor\u00eda de las especies de ev\u00f3nimo aprecian una buena poda a finales del invierno o principios de la primavera. Este momento se alinea perfectamente con el ciclo de crecimiento natural de la planta, lo que le permite canalizar su energ\u00eda hacia un crecimiento nuevo y vibrante a medida que se acercan los meses m\u00e1s c\u00e1lidos.<\/p>\n<h3>Consideraciones Especiales para las Variedades que Florecen en Primavera<\/h3>\n<p>Sin embargo, la naturaleza siempre tiene sus excepciones. Para esas encantadoras variedades que florecen en primavera, he aprendido (\u00a1a veces por las malas!) a esperar para podar hasta despu\u00e9s de su exhibici\u00f3n floral. Una vez que las flores se hayan marchitado, esa es tu se\u00f1al para sacar las tijeras de podar. Cr\u00e9eme, tu ev\u00f3nimo te lo agradecer\u00e1 con un espect\u00e1culo a\u00fan m\u00e1s espectacular el pr\u00f3ximo a\u00f1o.<\/p>\n<h2>Estrategias de Poda: Adaptando tu Enfoque<\/h2>\n<h3>Ev\u00f3nimo de Hoja Caduca: Las Bellezas de Bajo Mantenimiento<\/h3>\n<p>Cuando se trata de ev\u00f3nimos de hoja caduca como el huso europeo o E. alata, he descubierto que menos es a menudo m\u00e1s. Estos arbustos tienen una gracia natural que a menudo requiere poca intervenci\u00f3n. En mi jard\u00edn, me enfoco principalmente en eliminar las ramas muertas o da\u00f1adas y ocasionalmente domar un tallo rebelde. Es como darles un corte de pelo suave en lugar de un cambio de imagen completo.<\/p>\n<h3>Ev\u00f3nimo de Hoja Perenne: Vers\u00e1til y Adaptable<\/h3>\n<p><img loading=\"lazy\" decoding=\"async\" src=\"https:\/\/thelittle.garden\/wp-content\/uploads\/2024\/07\/pruned-euonymus-hedge-66a1c0.webp\" alt=\"Seto de ev\u00f3nimo podado\" width=\"800\" height=\"1111\" \/><em class=\"cap-ai\">Seto de ev\u00f3nimo podado<\/em><\/p>\n<p>Las variedades de hoja perenne como E. fortunei y E. japonicus ofrecen m\u00e1s flexibilidad en los enfoques de poda. As\u00ed es como los abordo:<\/p>\n<ol>\n<li><strong>Poda de Mantenimiento<\/strong>: A finales del invierno o principios de la primavera, le doy a mi ev\u00f3nimo de hoja perenne una poda ligera para eliminar cualquier da\u00f1o invernal y fomentar un crecimiento m\u00e1s tupido. Es como darles un nuevo comienzo para la nueva temporada de crecimiento.<\/li>\n<li><strong>Poda para Setos y Dar Forma<\/strong>: Para esos setos o formas topiarias llamativas, he descubierto que la precisi\u00f3n es clave. Prefiero usar tijeras de podar o podaderas para un corte m\u00e1s limpio, evitando la tentaci\u00f3n de las recortadoras de setos que pueden dejar cortes de hojas antiest\u00e9ticos.<\/li>\n<li><strong>Poda de Renovaci\u00f3n<\/strong>: Este es el equivalente en jardiner\u00eda a un cambio de imagen dram\u00e1tico. Para arbustos maduros o demasiado crecidos, recortar del 30 al 50% puede hacer maravillas. Recuerdo la primera vez que prob\u00e9 esto en un viejo ev\u00f3nimo en mi patio trasero; al principio se ve\u00eda impactante, pero el crecimiento rejuvenecido fue realmente espectacular.<\/li>\n<\/ol>\n<h2>Consejos Profesionales de Mi Jard\u00edn al Tuyo<\/h2>\n<ul>\n<li>Utiliza siempre herramientas limpias y afiladas para evitar da\u00f1ar la planta o propagar enfermedades.<\/li>\n<li>Al\u00e9jate regularmente mientras podas para evaluar la forma general y el equilibrio de tu ev\u00f3nimo.<\/li>\n<li>Para los setos, me gusta podar la parte superior un poco m\u00e1s estrecha que la base para asegurar que la luz solar llegue a todas las partes de la planta.<\/li>\n<li>No tengas miedo de podar con fuerza cuando sea necesario; los ev\u00f3nimos son generalmente tolerantes y responden bien a la poda de rejuvenecimiento.<\/li>\n<\/ul>\n<h2>Conclusi\u00f3n: Abrazando el Arte de la Poda<\/h2>\n<p>Podar ev\u00f3nimos es m\u00e1s que solo mantenimiento; es una oportunidad para dar forma al paisaje de tu jard\u00edn y nutrir estos arbustos vers\u00e1tiles. Al comprender el momento y las t\u00e9cnicas adecuadas tanto para las variedades de hoja caduca como de hoja perenne, puedes asegurarte de que tu ev\u00f3nimo siga siendo un elemento impresionante en tu jard\u00edn a\u00f1o tras a\u00f1o.<\/p>\n<p>Recuerda, cada corte es un paso hacia un jard\u00edn m\u00e1s hermoso y saludable. \u00a1As\u00ed que toma esas tijeras de podar y demos a nuestros ev\u00f3nimos el cuidado que se merecen!<\/p>\n<p>Me encantar\u00eda escuchar tus experiencias con la poda de ev\u00f3nimos. \u00bfHas probado la poda de renovaci\u00f3n? \u00bfQu\u00e9 resultados viste? Comparte tus historias y consejos en los comentarios a continuaci\u00f3n, y continuemos cultivando nuestra comunidad de jardiner\u00eda juntos.<\/p>\n","protected":false},"excerpt":{"rendered":"<p>La mayor\u00eda de las especies de ev\u00f3nimo se podan mejor a finales del invierno o<\/p>\n","protected":false},"author":3,"featured_media":12242,"comment_status":"closed","ping_status":"closed","sticky":false,"template":"","format":"standard","meta":{"footnotes":""},"categories":[122],"tags":[],"class_list":["post-13035","post","type-post","status-publish","format-standard","has-post-thumbnail","hentry","category-jardineria","generate-columns","tablet-grid-50","mobile-grid-100","grid-parent","grid-25","no-featured-image-padding"],"lang":"es","translations":{"es":13035,"en":7220,"de":13118,"fr":13382},"_links":{"self":[{"href":"https:\/\/thelittle.garden\/es\/wp-json\/wp\/v2\/posts\/13035","targetHints":{"allow":["GET"]}}],"collection":[{"href":"https:\/\/thelittle.garden\/es\/wp-json\/wp\/v2\/posts"}],"about":[{"href":"https:\/\/thelittle.garden\/es\/wp-json\/wp\/v2\/types\/post"}],"author":[{"embeddable":true,"href":"https:\/\/thelittle.garden\/es\/wp-json\/wp\/v2\/users\/3"}],"replies":[{"embeddable":true,"href":"https:\/\/thelittle.garden\/es\/wp-json\/wp\/v2\/comments?post=13035"}],"version-history":[{"count":0,"href":"https:\/\/thelittle.garden\/es\/wp-json\/wp\/v2\/posts\/13035\/revisions"}],"wp:featuredmedia":[{"embeddable":true,"href":"https:\/\/thelittle.garden\/es\/wp-json\/wp\/v2\/media\/12242"}],"wp:attachment":[{"href":"https:\/\/thelittle.garden\/es\/wp-json\/wp\/v2\/media?parent=13035"}],"wp:term":[{"taxonomy":"category","embeddable":true,"href":"https:\/\/thelittle.garden\/es\/wp-json\/wp\/v2\/categories?post=13035"},{"taxonomy":"post_tag","embeddable":true,"href":"https:\/\/thelittle.garden\/es\/wp-json\/wp\/v2\/tags?post=13035"}],"curies":[{"name":"wp","href":"https:\/\/api.w.org\/{rel}","templated":true}]}}