{"id":12919,"date":"2025-05-01T08:42:43","date_gmt":"2025-05-01T08:42:43","guid":{"rendered":"https:\/\/thelittle.garden\/cactus-de-noel-violet-6-causes-possibles-et-solutions\/"},"modified":"2025-05-01T08:42:43","modified_gmt":"2025-05-01T08:42:43","slug":"cactus-de-noel-violet-6-causes-possibles-et-solutions","status":"publish","type":"post","link":"https:\/\/thelittle.garden\/fr\/cactus-de-noel-violet-6-causes-possibles-et-solutions\/","title":{"rendered":"Cactus de No\u00ebl violet\u00a0: 6 causes possibles et solutions"},"content":{"rendered":"<h2>La transformation violette\u00a0: que se passe-t-il\u00a0?<\/h2>\n<p><img loading=\"lazy\" decoding=\"async\" src=\"https:\/\/thelittle.garden\/wp-content\/uploads\/2024\/07\/purple-thanksgiving-cactus-66a1d6.webp\" alt=\"Cactus de No\u00ebl violet\" width=\"800\" height=\"450\" \/><em class=\"cap-ai\">Cactus de No\u00ebl violet<\/em><\/p>\n<p>Lorsque j\u2019ai remarqu\u00e9 pour la premi\u00e8re fois que mon cactus de No\u00ebl devenait violet, j\u2019\u00e9tais \u00e0 la fois intrigu\u00e9e et inqui\u00e8te. Ces plantes festives, originaires des sous-bois ombrag\u00e9s des for\u00eats tropicales br\u00e9siliennes, ont une fa\u00e7on unique de communiquer leurs besoins. La coloration violette est essentiellement la fa\u00e7on dont votre plante vous dit\u00a0: \u00ab\u00a0H\u00e9, quelque chose ne va pas\u00a0!\u00a0\u00bb<\/p>\n<h2>6 raisons pour lesquelles votre cactus de No\u00ebl pourrait devenir violet<\/h2>\n<h3>1. Lumi\u00e8re vive\u00a0: trop d\u2019une bonne chose<\/h3>\n<p>N\u2019oubliez pas que ces cactus aiment l\u2019ombre. Lorsque j\u2019ai d\u00e9plac\u00e9 le mien dans un endroit plus ensoleill\u00e9, pensant qu\u2019il avait besoin de plus de lumi\u00e8re, il a r\u00e9agi en produisant des anthocyanes\u00a0\u2013 un \u00e9cran solaire naturel pour les plantes\u00a0! Ce pigment protecteur donne la couleur violette que nous voyons.<\/p>\n<p><strong>Solution\u00a0:<\/strong> Trouvez un endroit avec une lumi\u00e8re vive et indirecte. J\u2019ai constat\u00e9 qu\u2019une fen\u00eatre orient\u00e9e au nord ou \u00e0 l\u2019ouest fait des merveilles. Si vous utilisez des lampes de culture, assurez-vous qu\u2019elles ne sont pas trop intenses.<\/p>\n<h3>2. Sous-arrosage\u00a0: les plantes assoiff\u00e9es deviennent violettes<\/h3>\n<p>Tout comme nous, les plantes ont besoin d\u2019eau pour fonctionner correctement. Lorsque mon cactus de No\u00ebl a \u00e9t\u00e9 sous-arros\u00e9, il a commenc\u00e9 \u00e0 para\u00eetre un peu violet et croustillant sur les bords.<\/p>\n<p><strong>Solution\u00a0:<\/strong> V\u00e9rifiez r\u00e9guli\u00e8rement le sol et arrosez lorsque le premier centim\u00e8tre est sec. J\u2019aime utiliser la m\u00e9thode du \u00ab\u00a0trempage et drainage\u00a0\u00bb\u00a0: arroser abondamment jusqu\u2019\u00e0 ce que l\u2019eau s\u2019\u00e9coule par le fond, puis laisser s\u00e9cher avant d\u2019arroser \u00e0 nouveau.<\/p>\n<h3>3. Arrosage excessif\u00a0: noyer dans trop d\u2019amour<\/h3>\n<p>D\u2019un autre c\u00f4t\u00e9, trop d\u2019eau peut \u00e9galement causer des probl\u00e8mes. Un arrosage excessif peut entra\u00eener la pourriture des racines et une privation d\u2019oxyg\u00e8ne, ce qui fait que la plante devient jaune ou violette.<\/p>\n<p><strong>Solution\u00a0:<\/strong> Assurez-vous que votre pot a de bons trous de drainage. J\u2019ai appris \u00e0 mes d\u00e9pens qu\u2019un pot bien drain\u00e9 est crucial. De plus, n\u2019arrosez que lorsque le dessus du sol est sec au toucher.<\/p>\n<h3>4. Carence en nutriments\u00a0: la faim cach\u00e9e<\/h3>\n<p>Parfois, la couleur violette peut \u00eatre un signe de manque de nutriments. Si votre cactus ne re\u00e7oit pas suffisamment de magn\u00e9sium, d\u2019azote ou de phosphore, il pourrait commencer \u00e0 changer de couleur.<\/p>\n<p><strong>Solution\u00a0:<\/strong> Utilisez un engrais \u00e9quilibr\u00e9 et soluble dans l\u2019eau, con\u00e7u pour les cactus et les plantes succulentes. Je fertilise le mien une fois par mois pendant la saison de croissance et il semble prosp\u00e9rer.<\/p>\n<h3>5. Temp\u00e9ratures extr\u00eames\u00a0: trop chaud ou trop froid<\/h3>\n<p>Les cactus de No\u00ebl sont exigeants quant \u00e0 la temp\u00e9rature. Une chaleur et un froid extr\u00eames peuvent causer du stress et des changements de couleur.<\/p>\n<p><strong>Solution\u00a0:<\/strong> Gardez votre plante dans une pi\u00e8ce o\u00f9 la temp\u00e9rature se situe entre 21 et 27\u00a0\u00b0C (70 et 80\u00a0\u00b0F) pendant la journ\u00e9e. Pour la floraison, pr\u00e9voyez une p\u00e9riode plus fra\u00eeche (13 \u00e0 18\u00a0\u00b0C ou 55 \u00e0 65\u00a0\u00b0F) pendant environ 6 \u00e0 8\u00a0semaines.<\/p>\n<h3>6. Vieillissement naturel\u00a0: la beaut\u00e9 de la maturit\u00e9<\/h3>\n<p>Parfois, les segments plus anciens de la plante peuvent naturellement devenir violets ou rouge\u00e2tres. Ce n\u2019est pas n\u00e9cessairement un probl\u00e8me et cela peut ajouter du caract\u00e8re \u00e0 votre plante.<\/p>\n<p><strong>Solution\u00a0:<\/strong> Aucune action requise\u00a0! Profitez simplement de la coloration unique de votre plante mature.<\/p>\n<h2>Ramener le vert\u00a0: une histoire de r\u00e9ussite personnelle<\/h2>\n<p>Lorsque mon cactus de No\u00ebl est devenu violet pour la premi\u00e8re fois, j\u2019avais peur d\u2019avoir fait quelque chose de terriblement mal. Mais apr\u00e8s quelques recherches et des ajustements minutieux, j\u2019ai r\u00e9ussi \u00e0 le remettre en sant\u00e9. Je l\u2019ai d\u00e9plac\u00e9 dans un endroit plus ombrag\u00e9, j\u2019ai ajust\u00e9 mon calendrier d\u2019arrosage et je lui ai donn\u00e9 un peu d\u2019engrais. En quelques semaines, j\u2019ai vu appara\u00eetre de nouvelles pousses vertes.<\/p>\n<p>L\u2019exp\u00e9rience m\u2019a appris que ces plantes sont r\u00e9silientes et communicatives. En pr\u00eatant attention \u00e0 leurs signaux et en ajustant nos soins, nous pouvons les aider \u00e0 prosp\u00e9rer.<\/p>\n<h2>Conclusion\u00a0: adopter le parcours du parent de plantes<\/h2>\n<p>Prendre soin d\u2019un cactus de No\u00ebl est une exp\u00e9rience enrichissante, phases violettes et tout. N\u2019oubliez pas que chaque plante est unique et qu\u2019une partie du plaisir du jardinage consiste \u00e0 apprendre \u00e0 comprendre et \u00e0 r\u00e9pondre aux besoins de votre plante.<\/p>\n<p>Avez-vous constat\u00e9 des changements de couleur dans votre cactus de No\u00ebl\u00a0? J\u2019aimerais conna\u00eetre vos exp\u00e9riences et vos conseils dans les commentaires ci-dessous. Et si vous avez trouv\u00e9 cet article utile, pourquoi ne pas le partager avec vos amis passionn\u00e9s de plantes\u00a0? Bon jardinage\u00a0!<\/p>\n","protected":false},"excerpt":{"rendered":"<p>La transformation violette\u00a0: que se passe-t-il\u00a0? Cactus de No\u00ebl violet Lorsque j\u2019ai remarqu\u00e9 pour la<\/p>\n","protected":false},"author":3,"featured_media":12315,"comment_status":"closed","ping_status":"closed","sticky":false,"template":"","format":"standard","meta":{"footnotes":""},"categories":[128],"tags":[],"class_list":["post-12919","post","type-post","status-publish","format-standard","has-post-thumbnail","hentry","category-plantes-dinterieur","generate-columns","tablet-grid-50","mobile-grid-100","grid-parent","grid-25","no-featured-image-padding"],"lang":"fr","translations":{"fr":12919,"en":8987,"es":13200,"de":13427},"_links":{"self":[{"href":"https:\/\/thelittle.garden\/fr\/wp-json\/wp\/v2\/posts\/12919","targetHints":{"allow":["GET"]}}],"collection":[{"href":"https:\/\/thelittle.garden\/fr\/wp-json\/wp\/v2\/posts"}],"about":[{"href":"https:\/\/thelittle.garden\/fr\/wp-json\/wp\/v2\/types\/post"}],"author":[{"embeddable":true,"href":"https:\/\/thelittle.garden\/fr\/wp-json\/wp\/v2\/users\/3"}],"replies":[{"embeddable":true,"href":"https:\/\/thelittle.garden\/fr\/wp-json\/wp\/v2\/comments?post=12919"}],"version-history":[{"count":0,"href":"https:\/\/thelittle.garden\/fr\/wp-json\/wp\/v2\/posts\/12919\/revisions"}],"wp:featuredmedia":[{"embeddable":true,"href":"https:\/\/thelittle.garden\/fr\/wp-json\/wp\/v2\/media\/12315"}],"wp:attachment":[{"href":"https:\/\/thelittle.garden\/fr\/wp-json\/wp\/v2\/media?parent=12919"}],"wp:term":[{"taxonomy":"category","embeddable":true,"href":"https:\/\/thelittle.garden\/fr\/wp-json\/wp\/v2\/categories?post=12919"},{"taxonomy":"post_tag","embeddable":true,"href":"https:\/\/thelittle.garden\/fr\/wp-json\/wp\/v2\/tags?post=12919"}],"curies":[{"name":"wp","href":"https:\/\/api.w.org\/{rel}","templated":true}]}}