{"id":12952,"date":"2025-05-01T08:53:17","date_gmt":"2025-05-01T08:53:17","guid":{"rendered":"https:\/\/thelittle.garden\/taille-du-saule-crevette-conseils-et-astuces\/"},"modified":"2025-05-01T08:53:17","modified_gmt":"2025-05-01T08:53:17","slug":"taille-du-saule-crevette-conseils-et-astuces","status":"publish","type":"post","link":"https:\/\/thelittle.garden\/fr\/taille-du-saule-crevette-conseils-et-astuces\/","title":{"rendered":"Taille du saule crevette : Conseils et astuces"},"content":{"rendered":"<p><strong>Points cl\u00e9s :<\/strong><\/p>\n<ul>\n<li>La taille du saule crevette se fait id\u00e9alement \u00e0 la fin de l&rsquo;hiver ou au d\u00e9but du printemps.<\/li>\n<li>Une taille annuelle s\u00e9v\u00e8re permet de maintenir une forme compacte.<\/li>\n<li>Une taille \u00e0 la mi-\u00e9t\u00e9 peut stimuler une repousse panach\u00e9e.<\/li>\n<li>La croissance naturelle sans taille est une option n\u00e9cessitant peu d&rsquo;entretien.<\/li>\n<li>Des soins et un emplacement appropri\u00e9s peuvent r\u00e9duire le besoin de tailles fr\u00e9quentes.<\/li>\n<\/ul>\n<p>Le saule crevette, avec sa beaut\u00e9 \u00e9th\u00e9r\u00e9e et son feuillage changeant, est un v\u00e9ritable cam\u00e9l\u00e9on du jardin. Mais lorsqu&rsquo;il s&rsquo;agit de tailler cet arbuste enchanteur, de nombreux jardiniers se retrouvent perdus dans un labyrinthe de conseils contradictoires. N&rsquo;ayez crainte, chers amis des plantes! Embarquons pour un voyage \u00e0 travers les saisons afin de percer les myst\u00e8res de la taille du saule crevette et de lib\u00e9rer tout le potentiel de votre prot\u00e9g\u00e9 panach\u00e9.<\/p>\n<h2>Comprendre le charme du saule crevette<\/h2>\n<p>Le saule crevette, \u00e9galement connu sous le nom de <em>Salix integra &lsquo;Hakuro Nishiki&rsquo;<\/em>, offre un spectacle visuel tout au long de l&rsquo;ann\u00e9e. Au printemps, ses feuilles \u00e9troites se parent d&rsquo;un \u00e9ventail fascinant de teintes blanches et roses. \u00c0 mesure que l&rsquo;\u00e9t\u00e9 avance, le rose s&rsquo;estompe, laissant place \u00e0 un contraste saisissant de blanc et de vert. M\u00eame l&rsquo;hiver a son charme, les jeunes branches prenant une teinte rouge\u00e2tre chaude.<\/p>\n<p><img loading=\"lazy\" decoding=\"async\" src=\"https:\/\/thelittle.garden\/wp-content\/uploads\/2024\/07\/dappled-willow-with-vibrant-foliage-66a1b9.webp\" alt=\"Saule crevette au feuillage vibrant\" width=\"800\" height=\"450\" \/><em class=\"cap-ai\">Saule crevette au feuillage vibrant<\/em><\/p>\n<h2>Tailler ou ne pas tailler : telle est la question<\/h2>\n<p>Avant de nous plonger dans le quand et le comment de la taille, r\u00e9fl\u00e9chissons \u00e0 une question plus fondamentale : avez-vous vraiment besoin de tailler votre saule crevette? En tant que jardinier qui croit qu&rsquo;il faut travailler avec la nature plut\u00f4t que contre elle, j&rsquo;ai constat\u00e9 que parfois la meilleure strat\u00e9gie de taille est de ne pas tailler du tout.<\/p>\n<h3>Le cas de la croissance naturelle<\/h3>\n<p>Mon propre saule crevette prosp\u00e8re depuis 18 ans sans le moindre coup de s\u00e9cateur. Il a atteint une hauteur respectable de 2,5 m\u00e8tres avec un diam\u00e8tre de 1,5 m\u00e8tre, formant une silhouette gracieuse et naturelle qui ne n\u00e9cessite aucun entretien. En le plantant strat\u00e9giquement \u00e0 un endroit o\u00f9 sa croissance ne g\u00eanerait pas les autres \u00e9l\u00e9ments, j&rsquo;ai cr\u00e9\u00e9 un point focal sans tracas dans mon jardin.<\/p>\n<h3>Quand la taille est judicieuse<\/h3>\n<p>Bien s\u00fbr, mon approche non interventionniste ne convient pas \u00e0 tout le monde. De nombreux jardiniers pr\u00e9f\u00e8rent un aspect plus soign\u00e9 ou ont besoin de contr\u00f4ler la taille de leurs arbustes. Si c&rsquo;est votre cas, poursuivez votre lecture pour conna\u00eetre les meilleurs moments pour sortir vos s\u00e9cateurs.<\/p>\n<h2>Le calendrier id\u00e9al de la taille<\/h2>\n<h3>Fin de l&rsquo;hiver\/d\u00e9but du printemps : la taille classique<\/h3>\n<p>Pour ceux qui aiment leurs saules crevettes nets et bien rang\u00e9s, la fin de l&rsquo;hiver ou le d\u00e9but du printemps est le moment id\u00e9al pour la taille. Cela co\u00efncide avec la discr\u00e8te floraison des chatons de l&rsquo;arbuste et pr\u00e9pare le terrain pour une nouvelle croissance vigoureuse.<\/p>\n<p><strong>Conseil de pro :<\/strong> Pour un remodelage radical, taillez l&rsquo;arbuste \u00e0 environ 15 \u00e0 30 cm du sol. Cette \u00ab taille s\u00e9v\u00e8re \u00bb annuelle donnera une forme compacte et arrondie d&rsquo;environ 1,5 m\u00e8tre de hauteur et de diam\u00e8tre.<\/p>\n<h3>Mi-\u00e9t\u00e9 : la taille rafra\u00eechissante<\/h3>\n<p>Certains jardiniers optent pour une taille \u00e0 la mi-\u00e9t\u00e9, en juillet ou au d\u00e9but d&rsquo;ao\u00fbt, lorsque le feuillage a perdu une grande partie de sa panachure. Une taille rapide de 15 cm de toutes les branches peut stimuler une repousse dense et color\u00e9e, rappelant l&rsquo;aspect printanier.<\/p>\n<p><strong>Mise en garde :<\/strong> Bien que cette technique puisse raviver les couleurs vibrantes de l&rsquo;arbuste, sachez que les nouvelles teintes roses peuvent s&rsquo;estomper rapidement sous la chaleur estivale. De plus, des tailles fr\u00e9quentes peuvent cr\u00e9er un aspect artificiel de \u00ab coupe caniche \u00bb qui peut ne pas convenir \u00e0 toutes les esth\u00e9tiques de jardin.<\/p>\n<h2>Conseils d&rsquo;entretien g\u00e9n\u00e9ral pour des saules crevettes florissants<\/h2>\n<p>Des soins appropri\u00e9s peuvent r\u00e9duire le besoin de tailles fr\u00e9quentes et maintenir votre saule crevette \u00e0 son meilleur :<\/p>\n<ol>\n<li><strong>Emplacement, emplacement, emplacement :<\/strong> Plantez en plein soleil ou \u00e0 mi-ombre pour une croissance et une coloration optimales.<\/li>\n<li><strong>Le sol est important :<\/strong> Assurez-vous d&rsquo;un sol bien drain\u00e9 et l\u00e9g\u00e8rement humide pour des racines heureuses.<\/li>\n<li><strong>Arrosez judicieusement :<\/strong> Accordez une attention particuli\u00e8re pendant la premi\u00e8re ann\u00e9e, puis laissez la nature faire son \u0153uvre (sauf en cas de s\u00e9cheresse).<\/li>\n<li><strong>La magie du paillis :<\/strong> Une bonne couche de paillis maintient la zone racinaire fra\u00eeche et humide.<\/li>\n<li><strong>Fertilisez avec prudence :<\/strong> Utilisez un engrais organique \u00e0 lib\u00e9ration lente contenant moins de 8 % d&rsquo;azote tous les 3 ou 4 ans pour maintenir la couleur sans favoriser une croissance excessive.<\/li>\n<\/ol>\n<h2>Rusticit\u00e9 du saule crevette : plus r\u00e9sistant qu&rsquo;on ne le pense<\/h2>\n<p>Bien que souvent class\u00e9 comme rustique jusqu&rsquo;\u00e0 la zone 5, le saule crevette peut en fait prosp\u00e9rer dans des zones aussi froides que la zone 3b. Cet arbuste r\u00e9sistant, originaire des r\u00e9gions froides de l&rsquo;Asie de l&rsquo;Est, peut supporter plus de froid qu&rsquo;on ne le pense.<\/p>\n<h2>Saules crevettes en forme d&rsquo;arbre : m\u00eames soins, nouvelle forme<\/h2>\n<p>Pour ceux qui aiment l&rsquo;aspect \u00ab sucette \u00bb, les saules crevettes en forme d&rsquo;arbre offrent un accent vertical unique. Les exigences en mati\u00e8re de soins restent les m\u00eames, mais la canop\u00e9e sur\u00e9lev\u00e9e ajoute une nouvelle dimension \u00e0 vos d\u00e9cisions de taille.<\/p>\n<h2>Conclusion : Adopter la beaut\u00e9 naturelle de votre saule crevette<\/h2>\n<p>Que vous choisissiez de tailler votre saule crevette en une sph\u00e8re parfaite ou de le laisser pousser en un chef-d&rsquo;\u0153uvre de forme libre, rappelez-vous qu&rsquo;il n&rsquo;existe pas d&rsquo;approche universelle. La cl\u00e9 est de comprendre les besoins de votre jardin et vos pr\u00e9f\u00e9rences esth\u00e9tiques personnelles.<\/p>\n<p>En tant que jardinier d\u00e9contract\u00e9, je vous encourage \u00e0 consid\u00e9rer le mod\u00e8le de croissance naturelle de ce magnifique arbuste avant de prendre les s\u00e9cateurs. Parfois, les plus beaux jardins sont ceux qui embrassent une touche de nature sauvage.<\/p>\n<p>Alors, chers lecteurs, quelle est votre approche de la taille dans votre jardin? \u00cates-vous de l&rsquo;\u00e9quipe Naturelle ou de l&rsquo;\u00e9quipe Manucur\u00e9e? Partagez vos exp\u00e9riences et vos conseils dans les commentaires ci-dessous &#8211; cultivons ensemble notre sagesse en mati\u00e8re de jardinage!<\/p>\n","protected":false},"excerpt":{"rendered":"<p>Points cl\u00e9s : La taille du saule crevette se fait id\u00e9alement \u00e0 la fin de<\/p>\n","protected":false},"author":3,"featured_media":12165,"comment_status":"closed","ping_status":"closed","sticky":false,"template":"","format":"standard","meta":{"footnotes":""},"categories":[120],"tags":[],"class_list":["post-12952","post","type-post","status-publish","format-standard","has-post-thumbnail","hentry","category-jardinage","generate-columns","tablet-grid-50","mobile-grid-100","grid-parent","grid-25","no-featured-image-padding"],"lang":"fr","translations":{"fr":12952,"en":8918,"es":13219,"de":13264},"_links":{"self":[{"href":"https:\/\/thelittle.garden\/fr\/wp-json\/wp\/v2\/posts\/12952","targetHints":{"allow":["GET"]}}],"collection":[{"href":"https:\/\/thelittle.garden\/fr\/wp-json\/wp\/v2\/posts"}],"about":[{"href":"https:\/\/thelittle.garden\/fr\/wp-json\/wp\/v2\/types\/post"}],"author":[{"embeddable":true,"href":"https:\/\/thelittle.garden\/fr\/wp-json\/wp\/v2\/users\/3"}],"replies":[{"embeddable":true,"href":"https:\/\/thelittle.garden\/fr\/wp-json\/wp\/v2\/comments?post=12952"}],"version-history":[{"count":0,"href":"https:\/\/thelittle.garden\/fr\/wp-json\/wp\/v2\/posts\/12952\/revisions"}],"wp:featuredmedia":[{"embeddable":true,"href":"https:\/\/thelittle.garden\/fr\/wp-json\/wp\/v2\/media\/12165"}],"wp:attachment":[{"href":"https:\/\/thelittle.garden\/fr\/wp-json\/wp\/v2\/media?parent=12952"}],"wp:term":[{"taxonomy":"category","embeddable":true,"href":"https:\/\/thelittle.garden\/fr\/wp-json\/wp\/v2\/categories?post=12952"},{"taxonomy":"post_tag","embeddable":true,"href":"https:\/\/thelittle.garden\/fr\/wp-json\/wp\/v2\/tags?post=12952"}],"curies":[{"name":"wp","href":"https:\/\/api.w.org\/{rel}","templated":true}]}}